{"id":1275,"date":"2023-06-26T11:56:30","date_gmt":"2023-06-26T11:56:30","guid":{"rendered":"https:\/\/solidnest.es\/renji-el-prat\/"},"modified":"2024-03-13T09:57:28","modified_gmt":"2024-03-13T09:57:28","slug":"renji-el-prat","status":"publish","type":"post","link":"https:\/\/solidnest.es\/ca\/renji-el-prat\/","title":{"rendered":"Renji El Prat"},"content":{"rendered":"<p><img decoding=\"async\" src=\"\/wp-content\/uploads\/2023\/06\/cabecera-prat.jpg\" alt=\"\"><\/p>\n<div>\n<div>\n<h6><img decoding=\"async\" class=\"no-padding uk-margin-right\" src=\"\/wp-content\/uploads\/2022\/06\/icon_ultimes.svg\" width=\"30px\"><span class=\"color-u\">\u00daLTIMES UNITATS<\/span><\/h6>\n<h2>Renji &#8211; El Prat\u00a0<\/h2>\n<h4>Des de 180.000\u20ac<\/h4>\n<p>Promoci\u00f3 de 10 habitatges situada a Av. Anselm Clav\u00e9, 8 del Prat de Llobregat. En aquest edifici trobar\u00e0s pisos de 2 i 3 habitacions en una ubicaci\u00f3 immillorable completament connectada a qualsevol servei que puguis necessitar.\u00a0<\/p>\n<p>Descobreix Renji, una promoci\u00f3 \u00fanica situada a una ubicaci\u00f3 immillorable al Prat de Llobregat.<\/p>\n<\/div>\n<\/div>\n<div>\n<h3>RESUM<\/h3>\n<ul>\n<li>Habitatges de 2 i 3 dormitoris<\/li>\n<li>Zona de dia formada per sal\u00f3 menjador i cuina oberta\u00a0<\/li>\n<li>Acabats personalitzables<\/li>\n<li>\u00c0mplies terrasses\u00a0<\/li>\n<li>Grans finestrals en tots els habitatges<\/li>\n<li>Ubicaci\u00f3 immillorable<\/li>\n<li>Aerotermia<\/li>\n<\/ul>\n<\/div>\n<div>\n<h3>ESTAT<\/h3>\n<\/div>\n<p><img decoding=\"async\" src=\"\/wp-content\/uploads\/2022\/06\/estado_2_1ca.svg\" alt=\"\"><\/p>\n<div>\n<h3>ESTIC INTERESSAT EN AQUESTA PROMOCI\u00d3\u00a0<\/h3>\n\n<div class=\"wpcf7 no-js\" id=\"wpcf7-f1250-o1\" lang=\"ca\" dir=\"ltr\">\n<div class=\"screen-reader-response\"><p role=\"status\" aria-live=\"polite\" aria-atomic=\"true\"><\/p> <ul><\/ul><\/div>\n<form action=\"\/ca\/wp-json\/wp\/v2\/posts\/1275#wpcf7-f1250-o1\" method=\"post\" class=\"wpcf7-form init\" aria-label=\"Formulari de contacte\" novalidate=\"novalidate\" data-status=\"init\">\n<div style=\"display: none;\">\n<input type=\"hidden\" name=\"_wpcf7\" value=\"1250\" \/>\n<input type=\"hidden\" name=\"_wpcf7_version\" value=\"5.7.7\" \/>\n<input type=\"hidden\" name=\"_wpcf7_locale\" value=\"ca\" \/>\n<input type=\"hidden\" name=\"_wpcf7_unit_tag\" value=\"wpcf7-f1250-o1\" \/>\n<input type=\"hidden\" name=\"_wpcf7_container_post\" value=\"0\" \/>\n<input type=\"hidden\" name=\"_wpcf7_posted_data_hash\" value=\"\" \/>\n<input type=\"hidden\" name=\"_wpcf7_recaptcha_response\" value=\"\" \/>\n<\/div>\n<div class=\"uk-margin\">\n\t<div class=\"uk-grid\" uk-grid>\n\t\t<div class=\"uk-width-1-1@s\">\n\t\t\t<p><span class=\"wpcf7-form-control-wrap\" data-name=\"nombre\"><input size=\"40\" class=\"wpcf7-form-control wpcf7-text uk-input uk-form-small\" aria-invalid=\"false\" placeholder=\"Nom i Cognoms\" value=\"\" type=\"text\" name=\"nombre\" \/><\/span>\n\t\t\t<\/p>\n\t\t<\/div>\n\t<\/div>\n\t<div class=\"uk-grid uk-margin-small\" uk-grid>\n\t\t<div class=\"uk-width-1-1@s\">\n\t\t\t<p><span class=\"wpcf7-form-control-wrap\" data-name=\"email-288\"><input size=\"40\" class=\"wpcf7-form-control wpcf7-text wpcf7-email wpcf7-validates-as-email uk-input uk-form-small\" aria-invalid=\"false\" placeholder=\"E-mail\" value=\"\" type=\"email\" name=\"email-288\" \/><\/span>\n\t\t\t<\/p>\n\t\t<\/div>\n\t<\/div>\n\t<div class=\"uk-grid uk-margin-small\" uk-grid>\n\t\t<div class=\"uk-width-1-1@s\">\n\t\t\t<p><span class=\"wpcf7-form-control-wrap\" data-name=\"tel-84\"><input size=\"40\" class=\"wpcf7-form-control wpcf7-text wpcf7-tel wpcf7-validates-as-tel uk-input uk-form-small\" aria-invalid=\"false\" placeholder=\"Tel\u00e8fon\" value=\"\" type=\"tel\" name=\"tel-84\" \/><\/span>\n\t\t\t<\/p>\n\t\t<\/div>\n\t<\/div>\n\t<div class=\"uk-grid uk-margin-small\" uk-grid>\n\t\t<div class=\"uk-width-1-1@s\">\n\t\t\t<p><span class=\"wpcf7-form-control-wrap\" data-name=\"your-message\"><textarea cols=\"40\" rows=\"4\" class=\"wpcf7-form-control wpcf7-textarea uk-textarea uk-form-small\" aria-invalid=\"false\" placeholder=\"Missatge\" name=\"your-message\"><\/textarea><\/span>\n\t\t\t<\/p>\n\t\t<\/div>\n\t<\/div>\n\t<div class=\"uk-grid uk-margin-small\" uk-grid>\n\t\t<div class=\"uk-width-2-3@s\">\n\t\t\t<p class=\"uk-text-small\"><br \/>\n<span class=\"wpcf7-form-control-wrap\" data-name=\"acceptance-20\"><span class=\"wpcf7-form-control wpcf7-acceptance\"><span class=\"wpcf7-list-item\"><label><input type=\"checkbox\" name=\"acceptance-20\" value=\"1\" class=\"uk-radio\" aria-invalid=\"false\" \/><span class=\"wpcf7-list-item-label\">Accepto els <a href=\"https:\/\/solidnest.es\/ca\/termes-i-condicions\/\" target=\"_blank\">termes i condicions<\/a><\/p><\/span><\/label><\/span><\/span><\/span>\n\t\t\t<\/p>\n\t\t<\/div>\n\t\t<div class=\"uk-width-1-3@s\">\n\t\t\t<p><input class=\"wpcf7-form-control has-spinner wpcf7-submit uk-button uk-button-default uk-align-right\" type=\"submit\" value=\"Enviar\" \/>\n\t\t\t<\/p>\n\t\t<\/div>\n\t<\/div>\n<\/div><div class=\"wpcf7-response-output\" aria-hidden=\"true\"><\/div>\n<\/form>\n<\/div>\n\n<\/div>\n<div>\n<p>    <img decoding=\"async\" src=\"\/wp-content\/uploads\/2023\/06\/img-prat.jpg\" alt=\"\"><\/p>\n<h3>solid_nest_El_Marjot_de_Soldeu_08<\/h3>\n<\/div>\n<p><img decoding=\"async\" src=\"\/wp-content\/uploads\/2022\/06\/solid_nest_icon.svg\" alt=\"\"><\/p>\n<p><!--more--><br \/>\n<!-- {\"name\":\"Layout El Marjot de Soldeu\",\"type\":\"layout\",\"children\":[{\"type\":\"section\",\"props\":{\"animation\":\"fade\",\"animation_delay\":\"200\",\"header_transparent_noplaceholder\":true,\"height\":\"percent\",\"image\":\"wp-content\\\/uploads\\\/2023\\\/06\\\/cabecera-prat.jpg\",\"image_position\":\"center-center\",\"image_size\":\"cover\",\"media_visibility\":\"s\",\"padding_remove_top\":false,\"style\":\"default\",\"title_breakpoint\":\"xl\",\"title_position\":\"top-left\",\"title_rotation\":\"left\",\"vertical_align\":\"middle\",\"width\":\"\"},\"children\":[{\"type\":\"row\",\"props\":{\"layout\":\"1-2,1-2\",\"width\":\"default\"},\"children\":[{\"type\":\"column\",\"props\":{\"image_position\":\"center-center\",\"position_sticky_breakpoint\":\"m\",\"width_medium\":\"1-2\"}},{\"type\":\"column\",\"props\":{\"image_position\":\"center-center\",\"position_sticky_breakpoint\":\"m\",\"width_medium\":\"1-2\"},\"children\":[{\"type\":\"image\",\"props\":{\"image\":\"wp-content\\\/uploads\\\/2023\\\/06\\\/cabecera-prat.jpg\",\"image_svg_color\":\"emphasis\",\"margin\":\"default\",\"visibility\":\"hidden-s\"}},{\"type\":\"panel\",\"props\":{\"animation\":\"slide-right-small\",\"content\":\"\n\n<h6><img class=\\\"no-padding uk-margin-right\\\" src=\\\"wp-content\\\/uploads\\\/2022\\\/06\\\/icon_ultimes.svg\\\" width=\\\"30px\\\"><span class=\\\"color-u\\\">\\u00daLTIMES UNITATS<\\\/span><\\\/h6>\\n\n\n<h2>Renji - El Prat\\u00a0<\\\/h2>\\n\n\n<h4>Des de 180.000\\u20ac<\\\/h4>\\n\n\n<p>Promoci\\u00f3 de 10 habitatges situada a Av. Anselm Clav\\u00e9, 8 del Prat de Llobregat. En aquest edifici trobar\\u00e0s pisos de 2 i 3 habitacions en una ubicaci\\u00f3 immillorable completament connectada a qualsevol servei que puguis necessitar.\\u00a0<\\\/p>\\n\n\n<p>Descobreix Renji, una promoci\\u00f3 \\u00fanica situada a una ubicaci\\u00f3 immillorable al Prat de Llobregat.<\\\/p>\",\"content_column_breakpoint\":\"m\",\"icon_width\":80,\"image_align\":\"top\",\"image_grid_breakpoint\":\"m\",\"image_grid_width\":\"1-2\",\"image_svg_color\":\"emphasis\",\"link_style\":\"default\",\"link_text\":\"Read more\",\"margin\":\"default\",\"meta_align\":\"below-title\",\"meta_element\":\"div\",\"meta_style\":\"text-meta\",\"panel_padding\":\"default\",\"panel_style\":\"card-default\",\"title_align\":\"top\",\"title_element\":\"h3\",\"title_grid_breakpoint\":\"m\",\"title_grid_width\":\"1-2\",\"title_hover_style\":\"reset\"}}]}]}]},{\"type\":\"section\",\"props\":{\"animation\":\"fade\",\"animation_delay\":\"200\",\"image_position\":\"center-center\",\"style\":\"default\",\"title_breakpoint\":\"xl\",\"title_position\":\"top-left\",\"title_rotation\":\"left\",\"vertical_align\":\"middle\",\"width\":\"default\"},\"children\":[{\"type\":\"row\",\"props\":{\"layout\":\"1-2,1-2\"},\"children\":[{\"type\":\"column\",\"props\":{\"image_position\":\"center-center\",\"position_sticky_breakpoint\":\"m\",\"width_medium\":\"1-2\"},\"children\":[{\"type\":\"text\",\"props\":{\"column_breakpoint\":\"m\",\"content\":\"\n\n<h3>RESUM<\\\/h3>\\n\n\n<ul>\\n\n\n<li>Habitatges de 2 i 3 dormitoris<\\\/li>\\n\n\n<li>Zona de dia formada per sal\\u00f3 menjador i cuina oberta\\u00a0<\\\/li>\\n\n\n<li>Acabats personalitzables<\\\/li>\\n\n\n<li>\\u00c0mplies terrasses\\u00a0<\\\/li>\\n\n\n<li>Grans finestrals en tots els habitatges<\\\/li>\\n\n\n<li>Ubicaci\\u00f3 immillorable<\\\/li>\\n\n\n<li>Aerotermia<\\\/li>\\n<\\\/ul>\",\"margin\":\"large\"}},{\"type\":\"text\",\"props\":{\"column_breakpoint\":\"m\",\"content\":\"\n\n<h3>ESTAT<\\\/h3>\",\"margin\":\"default\"}},{\"type\":\"image\",\"props\":{\"image\":\"wp-content\\\/uploads\\\/2022\\\/06\\\/estado_2_1ca.svg\",\"image_svg_color\":\"emphasis\",\"margin\":\"default\",\"maxwidth\":\"medium\"}},{\"type\":\"text\",\"props\":{\"column_breakpoint\":\"m\",\"content\":\"\n\n<h3>ESTIC INTERESSAT EN AQUESTA PROMOCI\\u00d3\\u00a0<\\\/h3>\\n\n\n<p>[contact-form-7 id=\\\"1250\\\" title=\\\"Formulari de Contacte - Renji EL PRAT\\\"]<\\\/p>\",\"margin\":\"large\",\"maxwidth\":\"large\"}}]},{\"type\":\"column\",\"props\":{\"image_position\":\"center-center\",\"position_sticky_breakpoint\":\"m\",\"width_medium\":\"1-2\"},\"children\":[{\"type\":\"gallery\",\"props\":{\"content_display\":\"lightbox\",\"filter_align\":\"left\",\"filter_all\":true,\"filter_grid_breakpoint\":\"m\",\"filter_grid_width\":\"auto\",\"filter_position\":\"top\",\"filter_style\":\"tab\",\"grid_default\":\"1\",\"grid_medium\":\"\",\"item_animation\":true,\"lightbox\":true,\"link_style\":\"secondary\",\"link_text\":\"<span uk-icon=\\\"icon: plus; ratio: 1.3\\\" class=\\\"uk-icon\\\" alt=\\\"icon\\\"><\\\/span>\",\"margin\":\"default\",\"meta_align\":\"below-title\",\"meta_element\":\"div\",\"meta_style\":\"text-meta\",\"overlay_hover\":false,\"overlay_link\":false,\"overlay_mode\":\"cover\",\"overlay_padding\":\"none\",\"overlay_position\":\"bottom-right\",\"overlay_style\":\"\",\"overlay_transition\":\"fade\",\"parallax_easing\":\"1\",\"show_content\":true,\"show_hover_image\":true,\"show_link\":true,\"show_meta\":true,\"show_title\":false,\"text_align\":\"center\",\"text_color\":\"\",\"title_element\":\"h3\",\"title_hover_style\":\"reset\"},\"children\":[{\"type\":\"gallery_item\",\"props\":{\"image\":\"wp-content\\\/uploads\\\/2023\\\/06\\\/img-prat.jpg\",\"title\":\"solid_nest_El_Marjot_de_Soldeu_08\"}}]}]}]},{\"type\":\"row\",\"props\":{\"margin\":\"large\"},\"children\":[{\"type\":\"column\",\"props\":{\"image_position\":\"center-center\",\"position_sticky_breakpoint\":\"m\"},\"children\":[{\"type\":\"image\",\"props\":{\"block_align\":\"center\",\"image\":\"wp-content\\\/uploads\\\/2022\\\/06\\\/solid_nest_icon.svg\",\"image_svg_color\":\"emphasis\",\"margin\":\"default\",\"maxwidth\":\"small\"},\"name\":\"icon\"}]}]}]}],\"version\":\"4.0.7\"} --><\/p>\n","protected":false},"excerpt":{"rendered":"<p>\u00daLTIMES UNITATS Renji &#8211; El Prat\u00a0 Des de 180.000\u20ac Promoci\u00f3 de 10 habitatges situada a Av. Anselm Clav\u00e9, 8 del Prat de Llobregat. En aquest edifici trobar\u00e0s pisos de 2 i 3 habitacions en una ubicaci\u00f3 immillorable completament connectada a qualsevol servei que puguis necessitar.\u00a0 Descobreix Renji, una promoci\u00f3 \u00fanica situada a una ubicaci\u00f3 immillorable [&hellip;]<\/p>\n","protected":false},"author":1,"featured_media":0,"comment_status":"open","ping_status":"open","sticky":false,"template":"","format":"standard","meta":{"footnotes":""},"categories":[5],"tags":[],"yoast_head":"<!-- This site is optimized with the Yoast SEO plugin v20.10 - https:\/\/yoast.com\/wordpress\/plugins\/seo\/ -->\n<title>Renji El Prat - Solid Nest<\/title>\n<meta name=\"robots\" content=\"index, follow, max-snippet:-1, max-image-preview:large, max-video-preview:-1\" \/>\n<link rel=\"canonical\" href=\"https:\/\/solidnest.es\/ca\/renji-el-prat\/\" \/>\n<meta property=\"og:locale\" content=\"ca_ES\" \/>\n<meta property=\"og:type\" content=\"article\" \/>\n<meta property=\"og:title\" content=\"Renji El Prat - Solid Nest\" \/>\n<meta property=\"og:description\" content=\"\u00daLTIMES UNITATS Renji &#8211; El Prat\u00a0 Des de 180.000\u20ac Promoci\u00f3 de 10 habitatges situada a Av. Anselm Clav\u00e9, 8 del Prat de Llobregat. En aquest edifici trobar\u00e0s pisos de 2 i 3 habitacions en una ubicaci\u00f3 immillorable completament connectada a qualsevol servei que puguis necessitar.\u00a0 Descobreix Renji, una promoci\u00f3 \u00fanica situada a una ubicaci\u00f3 immillorable [&hellip;]\" \/>\n<meta property=\"og:url\" content=\"https:\/\/solidnest.es\/ca\/renji-el-prat\/\" \/>\n<meta property=\"og:site_name\" content=\"Solid Nest\" \/>\n<meta property=\"article:published_time\" content=\"2023-06-26T11:56:30+00:00\" \/>\n<meta property=\"article:modified_time\" content=\"2024-03-13T09:57:28+00:00\" \/>\n<meta name=\"author\" content=\"SSnn_22\" \/>\n<meta name=\"twitter:card\" content=\"summary_large_image\" \/>\n<meta name=\"twitter:label1\" content=\"Escrit per\" \/>\n\t<meta name=\"twitter:data1\" content=\"SSnn_22\" \/>\n\t<meta name=\"twitter:label2\" content=\"Temps estimat de lectura\" \/>\n\t<meta name=\"twitter:data2\" content=\"3 minuts\" \/>\n<script type=\"application\/ld+json\" class=\"yoast-schema-graph\">{\"@context\":\"https:\/\/schema.org\",\"@graph\":[{\"@type\":\"WebPage\",\"@id\":\"https:\/\/solidnest.es\/ca\/renji-el-prat\/\",\"url\":\"https:\/\/solidnest.es\/ca\/renji-el-prat\/\",\"name\":\"Renji El Prat - Solid Nest\",\"isPartOf\":{\"@id\":\"https:\/\/solidnest.es\/#website\"},\"datePublished\":\"2023-06-26T11:56:30+00:00\",\"dateModified\":\"2024-03-13T09:57:28+00:00\",\"author\":{\"@id\":\"https:\/\/solidnest.es\/#\/schema\/person\/05d0a78cf570682a37ef07cdc138c536\"},\"breadcrumb\":{\"@id\":\"https:\/\/solidnest.es\/ca\/renji-el-prat\/#breadcrumb\"},\"inLanguage\":\"ca\",\"potentialAction\":[{\"@type\":\"ReadAction\",\"target\":[\"https:\/\/solidnest.es\/ca\/renji-el-prat\/\"]}]},{\"@type\":\"BreadcrumbList\",\"@id\":\"https:\/\/solidnest.es\/ca\/renji-el-prat\/#breadcrumb\",\"itemListElement\":[{\"@type\":\"ListItem\",\"position\":1,\"name\":\"Portada\",\"item\":\"https:\/\/solidnest.es\/ca\/\"},{\"@type\":\"ListItem\",\"position\":2,\"name\":\"Renji El Prat\"}]},{\"@type\":\"WebSite\",\"@id\":\"https:\/\/solidnest.es\/#website\",\"url\":\"https:\/\/solidnest.es\/\",\"name\":\"Solid Nest\",\"description\":\"Promotora inmobiliaria especializada en obra nueva\",\"potentialAction\":[{\"@type\":\"SearchAction\",\"target\":{\"@type\":\"EntryPoint\",\"urlTemplate\":\"https:\/\/solidnest.es\/?s={search_term_string}\"},\"query-input\":\"required name=search_term_string\"}],\"inLanguage\":\"ca\"},{\"@type\":\"Person\",\"@id\":\"https:\/\/solidnest.es\/#\/schema\/person\/05d0a78cf570682a37ef07cdc138c536\",\"name\":\"SSnn_22\",\"image\":{\"@type\":\"ImageObject\",\"inLanguage\":\"ca\",\"@id\":\"https:\/\/solidnest.es\/#\/schema\/person\/image\/\",\"url\":\"https:\/\/secure.gravatar.com\/avatar\/6b04440cfce1aae7f4868c8aaa64c2bf?s=96&d=mm&r=g\",\"contentUrl\":\"https:\/\/secure.gravatar.com\/avatar\/6b04440cfce1aae7f4868c8aaa64c2bf?s=96&d=mm&r=g\",\"caption\":\"SSnn_22\"},\"url\":\"https:\/\/solidnest.es\/ca\/author\/ssnn_22\/\"}]}<\/script>\n<!-- \/ Yoast SEO plugin. -->","yoast_head_json":{"title":"Renji El Prat - Solid Nest","robots":{"index":"index","follow":"follow","max-snippet":"max-snippet:-1","max-image-preview":"max-image-preview:large","max-video-preview":"max-video-preview:-1"},"canonical":"https:\/\/solidnest.es\/ca\/renji-el-prat\/","og_locale":"ca_ES","og_type":"article","og_title":"Renji El Prat - Solid Nest","og_description":"\u00daLTIMES UNITATS Renji &#8211; El Prat\u00a0 Des de 180.000\u20ac Promoci\u00f3 de 10 habitatges situada a Av. Anselm Clav\u00e9, 8 del Prat de Llobregat. En aquest edifici trobar\u00e0s pisos de 2 i 3 habitacions en una ubicaci\u00f3 immillorable completament connectada a qualsevol servei que puguis necessitar.\u00a0 Descobreix Renji, una promoci\u00f3 \u00fanica situada a una ubicaci\u00f3 immillorable [&hellip;]","og_url":"https:\/\/solidnest.es\/ca\/renji-el-prat\/","og_site_name":"Solid Nest","article_published_time":"2023-06-26T11:56:30+00:00","article_modified_time":"2024-03-13T09:57:28+00:00","author":"SSnn_22","twitter_card":"summary_large_image","twitter_misc":{"Escrit per":"SSnn_22","Temps estimat de lectura":"3 minuts"},"schema":{"@context":"https:\/\/schema.org","@graph":[{"@type":"WebPage","@id":"https:\/\/solidnest.es\/ca\/renji-el-prat\/","url":"https:\/\/solidnest.es\/ca\/renji-el-prat\/","name":"Renji El Prat - Solid Nest","isPartOf":{"@id":"https:\/\/solidnest.es\/#website"},"datePublished":"2023-06-26T11:56:30+00:00","dateModified":"2024-03-13T09:57:28+00:00","author":{"@id":"https:\/\/solidnest.es\/#\/schema\/person\/05d0a78cf570682a37ef07cdc138c536"},"breadcrumb":{"@id":"https:\/\/solidnest.es\/ca\/renji-el-prat\/#breadcrumb"},"inLanguage":"ca","potentialAction":[{"@type":"ReadAction","target":["https:\/\/solidnest.es\/ca\/renji-el-prat\/"]}]},{"@type":"BreadcrumbList","@id":"https:\/\/solidnest.es\/ca\/renji-el-prat\/#breadcrumb","itemListElement":[{"@type":"ListItem","position":1,"name":"Portada","item":"https:\/\/solidnest.es\/ca\/"},{"@type":"ListItem","position":2,"name":"Renji El Prat"}]},{"@type":"WebSite","@id":"https:\/\/solidnest.es\/#website","url":"https:\/\/solidnest.es\/","name":"Solid Nest","description":"Promotora inmobiliaria especializada en obra nueva","potentialAction":[{"@type":"SearchAction","target":{"@type":"EntryPoint","urlTemplate":"https:\/\/solidnest.es\/?s={search_term_string}"},"query-input":"required name=search_term_string"}],"inLanguage":"ca"},{"@type":"Person","@id":"https:\/\/solidnest.es\/#\/schema\/person\/05d0a78cf570682a37ef07cdc138c536","name":"SSnn_22","image":{"@type":"ImageObject","inLanguage":"ca","@id":"https:\/\/solidnest.es\/#\/schema\/person\/image\/","url":"https:\/\/secure.gravatar.com\/avatar\/6b04440cfce1aae7f4868c8aaa64c2bf?s=96&d=mm&r=g","contentUrl":"https:\/\/secure.gravatar.com\/avatar\/6b04440cfce1aae7f4868c8aaa64c2bf?s=96&d=mm&r=g","caption":"SSnn_22"},"url":"https:\/\/solidnest.es\/ca\/author\/ssnn_22\/"}]}},"_links":{"self":[{"href":"https:\/\/solidnest.es\/ca\/wp-json\/wp\/v2\/posts\/1275"}],"collection":[{"href":"https:\/\/solidnest.es\/ca\/wp-json\/wp\/v2\/posts"}],"about":[{"href":"https:\/\/solidnest.es\/ca\/wp-json\/wp\/v2\/types\/post"}],"author":[{"embeddable":true,"href":"https:\/\/solidnest.es\/ca\/wp-json\/wp\/v2\/users\/1"}],"replies":[{"embeddable":true,"href":"https:\/\/solidnest.es\/ca\/wp-json\/wp\/v2\/comments?post=1275"}],"version-history":[{"count":9,"href":"https:\/\/solidnest.es\/ca\/wp-json\/wp\/v2\/posts\/1275\/revisions"}],"predecessor-version":[{"id":1478,"href":"https:\/\/solidnest.es\/ca\/wp-json\/wp\/v2\/posts\/1275\/revisions\/1478"}],"wp:attachment":[{"href":"https:\/\/solidnest.es\/ca\/wp-json\/wp\/v2\/media?parent=1275"}],"wp:term":[{"taxonomy":"category","embeddable":true,"href":"https:\/\/solidnest.es\/ca\/wp-json\/wp\/v2\/categories?post=1275"},{"taxonomy":"post_tag","embeddable":true,"href":"https:\/\/solidnest.es\/ca\/wp-json\/wp\/v2\/tags?post=1275"}],"curies":[{"name":"wp","href":"https:\/\/api.w.org\/{rel}","templated":true}]}}